{"id":7339,"date":"2024-04-21T18:06:17","date_gmt":"2024-04-21T16:06:17","guid":{"rendered":"https:\/\/villaeuropahotel.it\/?p=7339"},"modified":"2025-01-22T10:39:08","modified_gmt":"2025-01-22T09:39:08","slug":"valle-delle-cartiere-et-les-gorges-de-covoli","status":"publish","type":"post","link":"https:\/\/villaeuropahotel.it\/fr\/valle-delle-cartiere-et-les-gorges-de-covoli\/","title":{"rendered":"Valle delle Cartiere et les gorges de Covoli"},"content":{"rendered":"<section class=\"l-section wpb_row height_auto\"><div class=\"l-section-h i-cf\"><div class=\"g-cols vc_row via_flex valign_top type_default stacking_default\"><div class=\"vc_col-sm-12 wpb_column vc_column_container\"><div class=\"vc_column-inner\"><div class=\"wpb_wrapper\"><div class=\"w-image align_center\"><div class=\"w-image-h\"><img decoding=\"async\" width=\"1024\" height=\"341\" src=\"https:\/\/villaeuropahotel.it\/wp-content\/uploads\/2024\/04\/cartiere-rit-1024x341.jpg\" class=\"attachment-large size-large\" alt=\"\" loading=\"lazy\" srcset=\"https:\/\/villaeuropahotel.it\/wp-content\/uploads\/2024\/04\/cartiere-rit-1024x341.jpg 1024w, https:\/\/villaeuropahotel.it\/wp-content\/uploads\/2024\/04\/cartiere-rit-300x100.jpg 300w, https:\/\/villaeuropahotel.it\/wp-content\/uploads\/2024\/04\/cartiere-rit-600x200.jpg 600w, https:\/\/villaeuropahotel.it\/wp-content\/uploads\/2024\/04\/cartiere-rit-768x256.jpg 768w, https:\/\/villaeuropahotel.it\/wp-content\/uploads\/2024\/04\/cartiere-rit.jpg 1200w\" sizes=\"auto, (max-width: 1024px) 100vw, 1024px\" \/><\/div><\/div><\/div><\/div><\/div><\/div><\/div><\/section><section class=\"l-section wpb_row us_custom_e1309d51 height_auto\"><div class=\"l-section-h i-cf\"><div class=\"g-cols vc_row via_flex valign_top type_default stacking_default\"><div class=\"vc_col-sm-12 wpb_column vc_column_container\"><div class=\"vc_column-inner\"><div class=\"wpb_wrapper\"><div class=\"w-separator size_medium\"><\/div><div class=\"wpb_text_column\"><div class=\"wpb_wrapper\"><p><strong>Valle delle Cartiere et les gorges de Covoli<\/strong><\/p>\n<\/div><\/div><div class=\"w-separator size_custom\" style=\"height:10px\"><\/div><div class=\"wpb_text_column\"><div class=\"wpb_wrapper\"><p>Derri\u00e8re Toscolano Maderno se trouve un environnement unique et spectaculaire, la Valle delle Cartiere, une vall\u00e9e cach\u00e9e qui se jette dans le lac, une promenade entre le mus\u00e9e, les lieux de d\u00e9tente et la gorge de Covoli.<\/p>\n<\/div><\/div><div class=\"w-separator size_medium\"><\/div><div class=\"w-btn-wrapper align_none\"><a class=\"w-btn us-btn-style_1 icon_atleft\" href=\"https:\/\/villaeuropahotel.it\/fr\/excursions\/\"><i class=\"fas fa-angle-double-left\"><\/i><span class=\"w-btn-label\">Itin\u00e9raires<\/span><\/a><\/div><div class=\"w-separator size_medium\"><\/div><\/div><\/div><\/div><\/div><\/div><\/section>\n","protected":false},"excerpt":{"rendered":"Valle delle Cartiere et les gorges de Covoli Derri\u00e8re Toscolano Maderno se trouve un environnement unique et spectaculaire, la Valle delle Cartiere, une vall\u00e9e cach\u00e9e qui se jette dans le lac, une promenade entre le mus\u00e9e, les lieux de d\u00e9tente et la gorge de Covoli. Itin\u00e9raires","protected":false},"author":4,"featured_media":7133,"comment_status":"closed","ping_status":"closed","sticky":false,"template":"","format":"standard","meta":{"inline_featured_image":false,"footnotes":""},"categories":[49],"tags":[],"class_list":["post-7339","post","type-post","status-publish","format-standard","has-post-thumbnail","hentry","category-promenades"],"yoast_head":"<!-- This site is optimized with the Yoast SEO plugin v27.5 - https:\/\/yoast.com\/product\/yoast-seo-wordpress\/ -->\n<title>Valle delle Cartiere et les gorges de Covoli - Hotel Villa Europa<\/title>\n<meta name=\"robots\" content=\"index, follow, max-snippet:-1, max-image-preview:large, max-video-preview:-1\" \/>\n<link rel=\"canonical\" href=\"https:\/\/villaeuropahotel.it\/fr\/valle-delle-cartiere-et-les-gorges-de-covoli\/\" \/>\n<meta property=\"og:locale\" content=\"fr_FR\" \/>\n<meta property=\"og:type\" content=\"article\" \/>\n<meta property=\"og:title\" content=\"Valle delle Cartiere et les gorges de Covoli - Hotel Villa Europa\" \/>\n<meta property=\"og:url\" content=\"https:\/\/villaeuropahotel.it\/fr\/valle-delle-cartiere-et-les-gorges-de-covoli\/\" \/>\n<meta property=\"og:site_name\" content=\"Hotel Villa Europa\" \/>\n<meta property=\"article:publisher\" content=\"https:\/\/www.facebook.com\/frassinehotels\/?fref=ts\" \/>\n<meta property=\"article:published_time\" content=\"2024-04-21T16:06:17+00:00\" \/>\n<meta property=\"article:modified_time\" content=\"2025-01-22T09:39:08+00:00\" \/>\n<meta property=\"og:image\" content=\"https:\/\/villaeuropahotel.it\/wp-content\/uploads\/2024\/04\/15442837Master.jpg\" \/>\n\t<meta property=\"og:image:width\" content=\"1200\" \/>\n\t<meta property=\"og:image:height\" content=\"900\" \/>\n\t<meta property=\"og:image:type\" content=\"image\/jpeg\" \/>\n<meta name=\"author\" content=\"frassine\" \/>\n<meta name=\"twitter:card\" content=\"summary_large_image\" \/>\n<meta name=\"twitter:label1\" content=\"\u00c9crit par\" \/>\n\t<meta name=\"twitter:data1\" content=\"frassine\" \/>\n\t<meta name=\"twitter:label2\" content=\"Dur\u00e9e de lecture estim\u00e9e\" \/>\n\t<meta name=\"twitter:data2\" content=\"1 minute\" \/>\n<script type=\"application\/ld+json\" class=\"yoast-schema-graph\">{\"@context\":\"https:\\\/\\\/schema.org\",\"@graph\":[{\"@type\":\"Article\",\"@id\":\"https:\\\/\\\/villaeuropahotel.it\\\/fr\\\/valle-delle-cartiere-et-les-gorges-de-covoli\\\/#article\",\"isPartOf\":{\"@id\":\"https:\\\/\\\/villaeuropahotel.it\\\/fr\\\/valle-delle-cartiere-et-les-gorges-de-covoli\\\/\"},\"author\":{\"name\":\"frassine\",\"@id\":\"https:\\\/\\\/villaeuropahotel.it\\\/#\\\/schema\\\/person\\\/a2ebb1fc6806b72ecfd8156fb62c9094\"},\"headline\":\"Valle delle Cartiere et les gorges de Covoli\",\"datePublished\":\"2024-04-21T16:06:17+00:00\",\"dateModified\":\"2025-01-22T09:39:08+00:00\",\"mainEntityOfPage\":{\"@id\":\"https:\\\/\\\/villaeuropahotel.it\\\/fr\\\/valle-delle-cartiere-et-les-gorges-de-covoli\\\/\"},\"wordCount\":155,\"publisher\":{\"@id\":\"https:\\\/\\\/villaeuropahotel.it\\\/#organization\"},\"image\":{\"@id\":\"https:\\\/\\\/villaeuropahotel.it\\\/fr\\\/valle-delle-cartiere-et-les-gorges-de-covoli\\\/#primaryimage\"},\"thumbnailUrl\":\"https:\\\/\\\/villaeuropahotel.it\\\/wp-content\\\/uploads\\\/2024\\\/04\\\/15442837Master.jpg\",\"articleSection\":[\"Promenades\"],\"inLanguage\":\"fr-FR\"},{\"@type\":\"WebPage\",\"@id\":\"https:\\\/\\\/villaeuropahotel.it\\\/fr\\\/valle-delle-cartiere-et-les-gorges-de-covoli\\\/\",\"url\":\"https:\\\/\\\/villaeuropahotel.it\\\/fr\\\/valle-delle-cartiere-et-les-gorges-de-covoli\\\/\",\"name\":\"Valle delle Cartiere et les gorges de Covoli - Hotel Villa Europa\",\"isPartOf\":{\"@id\":\"https:\\\/\\\/villaeuropahotel.it\\\/#website\"},\"primaryImageOfPage\":{\"@id\":\"https:\\\/\\\/villaeuropahotel.it\\\/fr\\\/valle-delle-cartiere-et-les-gorges-de-covoli\\\/#primaryimage\"},\"image\":{\"@id\":\"https:\\\/\\\/villaeuropahotel.it\\\/fr\\\/valle-delle-cartiere-et-les-gorges-de-covoli\\\/#primaryimage\"},\"thumbnailUrl\":\"https:\\\/\\\/villaeuropahotel.it\\\/wp-content\\\/uploads\\\/2024\\\/04\\\/15442837Master.jpg\",\"datePublished\":\"2024-04-21T16:06:17+00:00\",\"dateModified\":\"2025-01-22T09:39:08+00:00\",\"breadcrumb\":{\"@id\":\"https:\\\/\\\/villaeuropahotel.it\\\/fr\\\/valle-delle-cartiere-et-les-gorges-de-covoli\\\/#breadcrumb\"},\"inLanguage\":\"fr-FR\",\"potentialAction\":[{\"@type\":\"ReadAction\",\"target\":[\"https:\\\/\\\/villaeuropahotel.it\\\/fr\\\/valle-delle-cartiere-et-les-gorges-de-covoli\\\/\"]}]},{\"@type\":\"ImageObject\",\"inLanguage\":\"fr-FR\",\"@id\":\"https:\\\/\\\/villaeuropahotel.it\\\/fr\\\/valle-delle-cartiere-et-les-gorges-de-covoli\\\/#primaryimage\",\"url\":\"https:\\\/\\\/villaeuropahotel.it\\\/wp-content\\\/uploads\\\/2024\\\/04\\\/15442837Master.jpg\",\"contentUrl\":\"https:\\\/\\\/villaeuropahotel.it\\\/wp-content\\\/uploads\\\/2024\\\/04\\\/15442837Master.jpg\",\"width\":1200,\"height\":900},{\"@type\":\"BreadcrumbList\",\"@id\":\"https:\\\/\\\/villaeuropahotel.it\\\/fr\\\/valle-delle-cartiere-et-les-gorges-de-covoli\\\/#breadcrumb\",\"itemListElement\":[{\"@type\":\"ListItem\",\"position\":1,\"name\":\"Home\",\"item\":\"https:\\\/\\\/villaeuropahotel.it\\\/fr\\\/\"},{\"@type\":\"ListItem\",\"position\":2,\"name\":\"Valle delle Cartiere et les gorges de Covoli\"}]},{\"@type\":\"WebSite\",\"@id\":\"https:\\\/\\\/villaeuropahotel.it\\\/#website\",\"url\":\"https:\\\/\\\/villaeuropahotel.it\\\/\",\"name\":\"Hotel Villa Europa\",\"description\":\"Hotel Villa Europa Gargnano\",\"publisher\":{\"@id\":\"https:\\\/\\\/villaeuropahotel.it\\\/#organization\"},\"potentialAction\":[{\"@type\":\"SearchAction\",\"target\":{\"@type\":\"EntryPoint\",\"urlTemplate\":\"https:\\\/\\\/villaeuropahotel.it\\\/?s={search_term_string}\"},\"query-input\":{\"@type\":\"PropertyValueSpecification\",\"valueRequired\":true,\"valueName\":\"search_term_string\"}}],\"inLanguage\":\"fr-FR\"},{\"@type\":\"Organization\",\"@id\":\"https:\\\/\\\/villaeuropahotel.it\\\/#organization\",\"name\":\"Hotel Villa Europa Gargnano\",\"url\":\"https:\\\/\\\/villaeuropahotel.it\\\/\",\"logo\":{\"@type\":\"ImageObject\",\"inLanguage\":\"fr-FR\",\"@id\":\"https:\\\/\\\/villaeuropahotel.it\\\/#\\\/schema\\\/logo\\\/image\\\/\",\"url\":\"https:\\\/\\\/villaeuropahotel.it\\\/wp-content\\\/uploads\\\/2017\\\/05\\\/logovillaeuropa.svg\",\"contentUrl\":\"https:\\\/\\\/villaeuropahotel.it\\\/wp-content\\\/uploads\\\/2017\\\/05\\\/logovillaeuropa.svg\",\"width\":400,\"height\":99,\"caption\":\"Hotel Villa Europa Gargnano\"},\"image\":{\"@id\":\"https:\\\/\\\/villaeuropahotel.it\\\/#\\\/schema\\\/logo\\\/image\\\/\"},\"sameAs\":[\"https:\\\/\\\/www.facebook.com\\\/frassinehotels\\\/?fref=ts\",\"https:\\\/\\\/www.instagram.com\\\/explore\\\/locations\\\/364848774\\\/hotel-villa-europa-resort-fondo-la-campagnola\\\/\",\"https:\\\/\\\/www.youtube.com\\\/watch?v=Hx3xOh1_JSY\"]},{\"@type\":\"Person\",\"@id\":\"https:\\\/\\\/villaeuropahotel.it\\\/#\\\/schema\\\/person\\\/a2ebb1fc6806b72ecfd8156fb62c9094\",\"name\":\"frassine\"}]}<\/script>\n<!-- \/ Yoast SEO plugin. -->","yoast_head_json":{"title":"Valle delle Cartiere et les gorges de Covoli - Hotel Villa Europa","robots":{"index":"index","follow":"follow","max-snippet":"max-snippet:-1","max-image-preview":"max-image-preview:large","max-video-preview":"max-video-preview:-1"},"canonical":"https:\/\/villaeuropahotel.it\/fr\/valle-delle-cartiere-et-les-gorges-de-covoli\/","og_locale":"fr_FR","og_type":"article","og_title":"Valle delle Cartiere et les gorges de Covoli - Hotel Villa Europa","og_url":"https:\/\/villaeuropahotel.it\/fr\/valle-delle-cartiere-et-les-gorges-de-covoli\/","og_site_name":"Hotel Villa Europa","article_publisher":"https:\/\/www.facebook.com\/frassinehotels\/?fref=ts","article_published_time":"2024-04-21T16:06:17+00:00","article_modified_time":"2025-01-22T09:39:08+00:00","og_image":[{"width":1200,"height":900,"url":"https:\/\/villaeuropahotel.it\/wp-content\/uploads\/2024\/04\/15442837Master.jpg","type":"image\/jpeg"}],"author":"frassine","twitter_card":"summary_large_image","twitter_misc":{"\u00c9crit par":"frassine","Dur\u00e9e de lecture estim\u00e9e":"1 minute"},"schema":{"@context":"https:\/\/schema.org","@graph":[{"@type":"Article","@id":"https:\/\/villaeuropahotel.it\/fr\/valle-delle-cartiere-et-les-gorges-de-covoli\/#article","isPartOf":{"@id":"https:\/\/villaeuropahotel.it\/fr\/valle-delle-cartiere-et-les-gorges-de-covoli\/"},"author":{"name":"frassine","@id":"https:\/\/villaeuropahotel.it\/#\/schema\/person\/a2ebb1fc6806b72ecfd8156fb62c9094"},"headline":"Valle delle Cartiere et les gorges de Covoli","datePublished":"2024-04-21T16:06:17+00:00","dateModified":"2025-01-22T09:39:08+00:00","mainEntityOfPage":{"@id":"https:\/\/villaeuropahotel.it\/fr\/valle-delle-cartiere-et-les-gorges-de-covoli\/"},"wordCount":155,"publisher":{"@id":"https:\/\/villaeuropahotel.it\/#organization"},"image":{"@id":"https:\/\/villaeuropahotel.it\/fr\/valle-delle-cartiere-et-les-gorges-de-covoli\/#primaryimage"},"thumbnailUrl":"https:\/\/villaeuropahotel.it\/wp-content\/uploads\/2024\/04\/15442837Master.jpg","articleSection":["Promenades"],"inLanguage":"fr-FR"},{"@type":"WebPage","@id":"https:\/\/villaeuropahotel.it\/fr\/valle-delle-cartiere-et-les-gorges-de-covoli\/","url":"https:\/\/villaeuropahotel.it\/fr\/valle-delle-cartiere-et-les-gorges-de-covoli\/","name":"Valle delle Cartiere et les gorges de Covoli - Hotel Villa Europa","isPartOf":{"@id":"https:\/\/villaeuropahotel.it\/#website"},"primaryImageOfPage":{"@id":"https:\/\/villaeuropahotel.it\/fr\/valle-delle-cartiere-et-les-gorges-de-covoli\/#primaryimage"},"image":{"@id":"https:\/\/villaeuropahotel.it\/fr\/valle-delle-cartiere-et-les-gorges-de-covoli\/#primaryimage"},"thumbnailUrl":"https:\/\/villaeuropahotel.it\/wp-content\/uploads\/2024\/04\/15442837Master.jpg","datePublished":"2024-04-21T16:06:17+00:00","dateModified":"2025-01-22T09:39:08+00:00","breadcrumb":{"@id":"https:\/\/villaeuropahotel.it\/fr\/valle-delle-cartiere-et-les-gorges-de-covoli\/#breadcrumb"},"inLanguage":"fr-FR","potentialAction":[{"@type":"ReadAction","target":["https:\/\/villaeuropahotel.it\/fr\/valle-delle-cartiere-et-les-gorges-de-covoli\/"]}]},{"@type":"ImageObject","inLanguage":"fr-FR","@id":"https:\/\/villaeuropahotel.it\/fr\/valle-delle-cartiere-et-les-gorges-de-covoli\/#primaryimage","url":"https:\/\/villaeuropahotel.it\/wp-content\/uploads\/2024\/04\/15442837Master.jpg","contentUrl":"https:\/\/villaeuropahotel.it\/wp-content\/uploads\/2024\/04\/15442837Master.jpg","width":1200,"height":900},{"@type":"BreadcrumbList","@id":"https:\/\/villaeuropahotel.it\/fr\/valle-delle-cartiere-et-les-gorges-de-covoli\/#breadcrumb","itemListElement":[{"@type":"ListItem","position":1,"name":"Home","item":"https:\/\/villaeuropahotel.it\/fr\/"},{"@type":"ListItem","position":2,"name":"Valle delle Cartiere et les gorges de Covoli"}]},{"@type":"WebSite","@id":"https:\/\/villaeuropahotel.it\/#website","url":"https:\/\/villaeuropahotel.it\/","name":"Hotel Villa Europa","description":"Hotel Villa Europa Gargnano","publisher":{"@id":"https:\/\/villaeuropahotel.it\/#organization"},"potentialAction":[{"@type":"SearchAction","target":{"@type":"EntryPoint","urlTemplate":"https:\/\/villaeuropahotel.it\/?s={search_term_string}"},"query-input":{"@type":"PropertyValueSpecification","valueRequired":true,"valueName":"search_term_string"}}],"inLanguage":"fr-FR"},{"@type":"Organization","@id":"https:\/\/villaeuropahotel.it\/#organization","name":"Hotel Villa Europa Gargnano","url":"https:\/\/villaeuropahotel.it\/","logo":{"@type":"ImageObject","inLanguage":"fr-FR","@id":"https:\/\/villaeuropahotel.it\/#\/schema\/logo\/image\/","url":"https:\/\/villaeuropahotel.it\/wp-content\/uploads\/2017\/05\/logovillaeuropa.svg","contentUrl":"https:\/\/villaeuropahotel.it\/wp-content\/uploads\/2017\/05\/logovillaeuropa.svg","width":400,"height":99,"caption":"Hotel Villa Europa Gargnano"},"image":{"@id":"https:\/\/villaeuropahotel.it\/#\/schema\/logo\/image\/"},"sameAs":["https:\/\/www.facebook.com\/frassinehotels\/?fref=ts","https:\/\/www.instagram.com\/explore\/locations\/364848774\/hotel-villa-europa-resort-fondo-la-campagnola\/","https:\/\/www.youtube.com\/watch?v=Hx3xOh1_JSY"]},{"@type":"Person","@id":"https:\/\/villaeuropahotel.it\/#\/schema\/person\/a2ebb1fc6806b72ecfd8156fb62c9094","name":"frassine"}]}},"_links":{"self":[{"href":"https:\/\/villaeuropahotel.it\/fr\/wp-json\/wp\/v2\/posts\/7339","targetHints":{"allow":["GET"]}}],"collection":[{"href":"https:\/\/villaeuropahotel.it\/fr\/wp-json\/wp\/v2\/posts"}],"about":[{"href":"https:\/\/villaeuropahotel.it\/fr\/wp-json\/wp\/v2\/types\/post"}],"author":[{"embeddable":true,"href":"https:\/\/villaeuropahotel.it\/fr\/wp-json\/wp\/v2\/users\/4"}],"replies":[{"embeddable":true,"href":"https:\/\/villaeuropahotel.it\/fr\/wp-json\/wp\/v2\/comments?post=7339"}],"version-history":[{"count":2,"href":"https:\/\/villaeuropahotel.it\/fr\/wp-json\/wp\/v2\/posts\/7339\/revisions"}],"predecessor-version":[{"id":8275,"href":"https:\/\/villaeuropahotel.it\/fr\/wp-json\/wp\/v2\/posts\/7339\/revisions\/8275"}],"wp:featuredmedia":[{"embeddable":true,"href":"https:\/\/villaeuropahotel.it\/fr\/wp-json\/wp\/v2\/media\/7133"}],"wp:attachment":[{"href":"https:\/\/villaeuropahotel.it\/fr\/wp-json\/wp\/v2\/media?parent=7339"}],"wp:term":[{"taxonomy":"category","embeddable":true,"href":"https:\/\/villaeuropahotel.it\/fr\/wp-json\/wp\/v2\/categories?post=7339"},{"taxonomy":"post_tag","embeddable":true,"href":"https:\/\/villaeuropahotel.it\/fr\/wp-json\/wp\/v2\/tags?post=7339"}],"curies":[{"name":"wp","href":"https:\/\/api.w.org\/{rel}","templated":true}]}}