{"id":7337,"date":"2024-04-21T18:04:25","date_gmt":"2024-04-21T16:04:25","guid":{"rendered":"https:\/\/villaeuropahotel.it\/?p=7337"},"modified":"2025-01-22T10:37:06","modified_gmt":"2025-01-22T09:37:06","slug":"tour-des-santelles","status":"publish","type":"post","link":"https:\/\/villaeuropahotel.it\/fr\/tour-des-santelles\/","title":{"rendered":"Tour des santelles"},"content":{"rendered":"<section class=\"l-section wpb_row height_auto\"><div class=\"l-section-h i-cf\"><div class=\"g-cols vc_row via_flex valign_top type_default stacking_default\"><div class=\"vc_col-sm-12 wpb_column vc_column_container\"><div class=\"vc_column-inner\"><div class=\"wpb_wrapper\"><div class=\"w-image align_center\"><div class=\"w-image-h\"><img decoding=\"async\" width=\"1024\" height=\"341\" src=\"https:\/\/villaeuropahotel.it\/wp-content\/uploads\/2024\/04\/SANTELLE-1024x341.jpg\" class=\"attachment-large size-large\" alt=\"\" loading=\"lazy\" srcset=\"https:\/\/villaeuropahotel.it\/wp-content\/uploads\/2024\/04\/SANTELLE-1024x341.jpg 1024w, https:\/\/villaeuropahotel.it\/wp-content\/uploads\/2024\/04\/SANTELLE-300x100.jpg 300w, https:\/\/villaeuropahotel.it\/wp-content\/uploads\/2024\/04\/SANTELLE-600x200.jpg 600w, https:\/\/villaeuropahotel.it\/wp-content\/uploads\/2024\/04\/SANTELLE-768x256.jpg 768w, https:\/\/villaeuropahotel.it\/wp-content\/uploads\/2024\/04\/SANTELLE.jpg 1200w\" sizes=\"auto, (max-width: 1024px) 100vw, 1024px\" \/><\/div><\/div><\/div><\/div><\/div><\/div><\/div><\/section><section class=\"l-section wpb_row us_custom_e1309d51 height_auto\"><div class=\"l-section-h i-cf\"><div class=\"g-cols vc_row via_flex valign_top type_default stacking_default\"><div class=\"vc_col-sm-12 wpb_column vc_column_container\"><div class=\"vc_column-inner\"><div class=\"wpb_wrapper\"><div class=\"w-separator size_medium\"><\/div><div class=\"wpb_text_column\"><div class=\"wpb_wrapper\"><p><strong>Tour des santelles<\/strong><\/p>\n<\/div><\/div><div class=\"w-separator size_custom\" style=\"height:10px\"><\/div><div class=\"wpb_text_column\"><div class=\"wpb_wrapper\"><p>La randonn\u00e9e commence au port de Gargnano. Au centre de la place, nous prenons la ruelle \u00e0 c\u00f4t\u00e9 du bureau de tabac et nous entrons dans le quartier le plus ancien de Gargnano, caract\u00e9ris\u00e9 par les anciennes maisons de p\u00eacheurs, l&rsquo;une \u00e0 c\u00f4t\u00e9 de l&rsquo;autre ; nous sommes dans la Via Forni (le nom vient de l&rsquo;ancienne utilisation de certains locaux \u00e0 c\u00f4t\u00e9 de la rue). Outre l&rsquo;agr\u00e9able jeu de l&rsquo;architecture, nous remarquons sur la fa\u00e7ade d&rsquo;une maison un int\u00e9ressant \u00e9dicule votif compos\u00e9 de figures en pl\u00e2tre \u00e9maill\u00e9. Il s&rsquo;agit de la premi\u00e8re d&rsquo;une s\u00e9rie d&rsquo;images sacr\u00e9es, appel\u00e9es localement \u00ab\u00a0santelle\u00a0\u00bb, qui nous accompagneront tout au long de l&rsquo;excursion.<\/p>\n<\/div><\/div><div class=\"w-separator size_medium\"><\/div><div class=\"w-btn-wrapper align_none\"><a class=\"w-btn us-btn-style_1 icon_atleft\" href=\"https:\/\/villaeuropahotel.it\/fr\/excursions\/\"><i class=\"fas fa-angle-double-left\"><\/i><span class=\"w-btn-label\">Itin\u00e9raires<\/span><\/a><\/div><div class=\"w-separator size_medium\"><\/div><\/div><\/div><\/div><\/div><\/div><\/section>\n","protected":false},"excerpt":{"rendered":"Tour des santelles La randonn\u00e9e commence au port de Gargnano. Au centre de la place, nous prenons la ruelle \u00e0 c\u00f4t\u00e9 du bureau de tabac et nous entrons dans le quartier le plus ancien de Gargnano, caract\u00e9ris\u00e9 par les anciennes maisons de p\u00eacheurs, l&rsquo;une \u00e0 c\u00f4t\u00e9 de l&rsquo;autre ; nous sommes dans la Via Forni...","protected":false},"author":4,"featured_media":6943,"comment_status":"closed","ping_status":"closed","sticky":false,"template":"","format":"standard","meta":{"inline_featured_image":false,"footnotes":""},"categories":[49],"tags":[],"class_list":["post-7337","post","type-post","status-publish","format-standard","has-post-thumbnail","hentry","category-promenades"],"yoast_head":"<!-- This site is optimized with the Yoast SEO plugin v27.5 - https:\/\/yoast.com\/product\/yoast-seo-wordpress\/ -->\n<title>Tour des santelles - Hotel Villa Europa<\/title>\n<meta name=\"robots\" content=\"index, follow, max-snippet:-1, max-image-preview:large, max-video-preview:-1\" \/>\n<link rel=\"canonical\" href=\"https:\/\/villaeuropahotel.it\/fr\/tour-des-santelles\/\" \/>\n<meta property=\"og:locale\" content=\"fr_FR\" \/>\n<meta property=\"og:type\" content=\"article\" \/>\n<meta property=\"og:title\" content=\"Tour des santelles - Hotel Villa Europa\" \/>\n<meta property=\"og:url\" content=\"https:\/\/villaeuropahotel.it\/fr\/tour-des-santelles\/\" \/>\n<meta property=\"og:site_name\" content=\"Hotel Villa Europa\" \/>\n<meta property=\"article:publisher\" content=\"https:\/\/www.facebook.com\/frassinehotels\/?fref=ts\" \/>\n<meta property=\"article:published_time\" content=\"2024-04-21T16:04:25+00:00\" \/>\n<meta property=\"article:modified_time\" content=\"2025-01-22T09:37:06+00:00\" \/>\n<meta property=\"og:image\" content=\"https:\/\/villaeuropahotel.it\/wp-content\/uploads\/2024\/04\/bl1200817051355.jpg\" \/>\n\t<meta property=\"og:image:width\" content=\"1024\" \/>\n\t<meta property=\"og:image:height\" content=\"683\" \/>\n\t<meta property=\"og:image:type\" content=\"image\/jpeg\" \/>\n<meta name=\"author\" content=\"frassine\" \/>\n<meta name=\"twitter:card\" content=\"summary_large_image\" \/>\n<meta name=\"twitter:label1\" content=\"\u00c9crit par\" \/>\n\t<meta name=\"twitter:data1\" content=\"frassine\" \/>\n\t<meta name=\"twitter:label2\" content=\"Dur\u00e9e de lecture estim\u00e9e\" \/>\n\t<meta name=\"twitter:data2\" content=\"1 minute\" \/>\n<script type=\"application\/ld+json\" class=\"yoast-schema-graph\">{\"@context\":\"https:\\\/\\\/schema.org\",\"@graph\":[{\"@type\":\"Article\",\"@id\":\"https:\\\/\\\/villaeuropahotel.it\\\/fr\\\/tour-des-santelles\\\/#article\",\"isPartOf\":{\"@id\":\"https:\\\/\\\/villaeuropahotel.it\\\/fr\\\/tour-des-santelles\\\/\"},\"author\":{\"name\":\"frassine\",\"@id\":\"https:\\\/\\\/villaeuropahotel.it\\\/#\\\/schema\\\/person\\\/a2ebb1fc6806b72ecfd8156fb62c9094\"},\"headline\":\"Tour des santelles\",\"datePublished\":\"2024-04-21T16:04:25+00:00\",\"dateModified\":\"2025-01-22T09:37:06+00:00\",\"mainEntityOfPage\":{\"@id\":\"https:\\\/\\\/villaeuropahotel.it\\\/fr\\\/tour-des-santelles\\\/\"},\"wordCount\":231,\"publisher\":{\"@id\":\"https:\\\/\\\/villaeuropahotel.it\\\/#organization\"},\"image\":{\"@id\":\"https:\\\/\\\/villaeuropahotel.it\\\/fr\\\/tour-des-santelles\\\/#primaryimage\"},\"thumbnailUrl\":\"https:\\\/\\\/villaeuropahotel.it\\\/wp-content\\\/uploads\\\/2024\\\/04\\\/bl1200817051355.jpg\",\"articleSection\":[\"Promenades\"],\"inLanguage\":\"fr-FR\"},{\"@type\":\"WebPage\",\"@id\":\"https:\\\/\\\/villaeuropahotel.it\\\/fr\\\/tour-des-santelles\\\/\",\"url\":\"https:\\\/\\\/villaeuropahotel.it\\\/fr\\\/tour-des-santelles\\\/\",\"name\":\"Tour des santelles - Hotel Villa Europa\",\"isPartOf\":{\"@id\":\"https:\\\/\\\/villaeuropahotel.it\\\/#website\"},\"primaryImageOfPage\":{\"@id\":\"https:\\\/\\\/villaeuropahotel.it\\\/fr\\\/tour-des-santelles\\\/#primaryimage\"},\"image\":{\"@id\":\"https:\\\/\\\/villaeuropahotel.it\\\/fr\\\/tour-des-santelles\\\/#primaryimage\"},\"thumbnailUrl\":\"https:\\\/\\\/villaeuropahotel.it\\\/wp-content\\\/uploads\\\/2024\\\/04\\\/bl1200817051355.jpg\",\"datePublished\":\"2024-04-21T16:04:25+00:00\",\"dateModified\":\"2025-01-22T09:37:06+00:00\",\"breadcrumb\":{\"@id\":\"https:\\\/\\\/villaeuropahotel.it\\\/fr\\\/tour-des-santelles\\\/#breadcrumb\"},\"inLanguage\":\"fr-FR\",\"potentialAction\":[{\"@type\":\"ReadAction\",\"target\":[\"https:\\\/\\\/villaeuropahotel.it\\\/fr\\\/tour-des-santelles\\\/\"]}]},{\"@type\":\"ImageObject\",\"inLanguage\":\"fr-FR\",\"@id\":\"https:\\\/\\\/villaeuropahotel.it\\\/fr\\\/tour-des-santelles\\\/#primaryimage\",\"url\":\"https:\\\/\\\/villaeuropahotel.it\\\/wp-content\\\/uploads\\\/2024\\\/04\\\/bl1200817051355.jpg\",\"contentUrl\":\"https:\\\/\\\/villaeuropahotel.it\\\/wp-content\\\/uploads\\\/2024\\\/04\\\/bl1200817051355.jpg\",\"width\":1024,\"height\":683},{\"@type\":\"BreadcrumbList\",\"@id\":\"https:\\\/\\\/villaeuropahotel.it\\\/fr\\\/tour-des-santelles\\\/#breadcrumb\",\"itemListElement\":[{\"@type\":\"ListItem\",\"position\":1,\"name\":\"Home\",\"item\":\"https:\\\/\\\/villaeuropahotel.it\\\/fr\\\/\"},{\"@type\":\"ListItem\",\"position\":2,\"name\":\"Tour des santelles\"}]},{\"@type\":\"WebSite\",\"@id\":\"https:\\\/\\\/villaeuropahotel.it\\\/#website\",\"url\":\"https:\\\/\\\/villaeuropahotel.it\\\/\",\"name\":\"Hotel Villa Europa\",\"description\":\"Hotel Villa Europa Gargnano\",\"publisher\":{\"@id\":\"https:\\\/\\\/villaeuropahotel.it\\\/#organization\"},\"potentialAction\":[{\"@type\":\"SearchAction\",\"target\":{\"@type\":\"EntryPoint\",\"urlTemplate\":\"https:\\\/\\\/villaeuropahotel.it\\\/?s={search_term_string}\"},\"query-input\":{\"@type\":\"PropertyValueSpecification\",\"valueRequired\":true,\"valueName\":\"search_term_string\"}}],\"inLanguage\":\"fr-FR\"},{\"@type\":\"Organization\",\"@id\":\"https:\\\/\\\/villaeuropahotel.it\\\/#organization\",\"name\":\"Hotel Villa Europa Gargnano\",\"url\":\"https:\\\/\\\/villaeuropahotel.it\\\/\",\"logo\":{\"@type\":\"ImageObject\",\"inLanguage\":\"fr-FR\",\"@id\":\"https:\\\/\\\/villaeuropahotel.it\\\/#\\\/schema\\\/logo\\\/image\\\/\",\"url\":\"https:\\\/\\\/villaeuropahotel.it\\\/wp-content\\\/uploads\\\/2017\\\/05\\\/logovillaeuropa.svg\",\"contentUrl\":\"https:\\\/\\\/villaeuropahotel.it\\\/wp-content\\\/uploads\\\/2017\\\/05\\\/logovillaeuropa.svg\",\"width\":400,\"height\":99,\"caption\":\"Hotel Villa Europa Gargnano\"},\"image\":{\"@id\":\"https:\\\/\\\/villaeuropahotel.it\\\/#\\\/schema\\\/logo\\\/image\\\/\"},\"sameAs\":[\"https:\\\/\\\/www.facebook.com\\\/frassinehotels\\\/?fref=ts\",\"https:\\\/\\\/www.instagram.com\\\/explore\\\/locations\\\/364848774\\\/hotel-villa-europa-resort-fondo-la-campagnola\\\/\",\"https:\\\/\\\/www.youtube.com\\\/watch?v=Hx3xOh1_JSY\"]},{\"@type\":\"Person\",\"@id\":\"https:\\\/\\\/villaeuropahotel.it\\\/#\\\/schema\\\/person\\\/a2ebb1fc6806b72ecfd8156fb62c9094\",\"name\":\"frassine\"}]}<\/script>\n<!-- \/ Yoast SEO plugin. -->","yoast_head_json":{"title":"Tour des santelles - Hotel Villa Europa","robots":{"index":"index","follow":"follow","max-snippet":"max-snippet:-1","max-image-preview":"max-image-preview:large","max-video-preview":"max-video-preview:-1"},"canonical":"https:\/\/villaeuropahotel.it\/fr\/tour-des-santelles\/","og_locale":"fr_FR","og_type":"article","og_title":"Tour des santelles - Hotel Villa Europa","og_url":"https:\/\/villaeuropahotel.it\/fr\/tour-des-santelles\/","og_site_name":"Hotel Villa Europa","article_publisher":"https:\/\/www.facebook.com\/frassinehotels\/?fref=ts","article_published_time":"2024-04-21T16:04:25+00:00","article_modified_time":"2025-01-22T09:37:06+00:00","og_image":[{"width":1024,"height":683,"url":"https:\/\/villaeuropahotel.it\/wp-content\/uploads\/2024\/04\/bl1200817051355.jpg","type":"image\/jpeg"}],"author":"frassine","twitter_card":"summary_large_image","twitter_misc":{"\u00c9crit par":"frassine","Dur\u00e9e de lecture estim\u00e9e":"1 minute"},"schema":{"@context":"https:\/\/schema.org","@graph":[{"@type":"Article","@id":"https:\/\/villaeuropahotel.it\/fr\/tour-des-santelles\/#article","isPartOf":{"@id":"https:\/\/villaeuropahotel.it\/fr\/tour-des-santelles\/"},"author":{"name":"frassine","@id":"https:\/\/villaeuropahotel.it\/#\/schema\/person\/a2ebb1fc6806b72ecfd8156fb62c9094"},"headline":"Tour des santelles","datePublished":"2024-04-21T16:04:25+00:00","dateModified":"2025-01-22T09:37:06+00:00","mainEntityOfPage":{"@id":"https:\/\/villaeuropahotel.it\/fr\/tour-des-santelles\/"},"wordCount":231,"publisher":{"@id":"https:\/\/villaeuropahotel.it\/#organization"},"image":{"@id":"https:\/\/villaeuropahotel.it\/fr\/tour-des-santelles\/#primaryimage"},"thumbnailUrl":"https:\/\/villaeuropahotel.it\/wp-content\/uploads\/2024\/04\/bl1200817051355.jpg","articleSection":["Promenades"],"inLanguage":"fr-FR"},{"@type":"WebPage","@id":"https:\/\/villaeuropahotel.it\/fr\/tour-des-santelles\/","url":"https:\/\/villaeuropahotel.it\/fr\/tour-des-santelles\/","name":"Tour des santelles - Hotel Villa Europa","isPartOf":{"@id":"https:\/\/villaeuropahotel.it\/#website"},"primaryImageOfPage":{"@id":"https:\/\/villaeuropahotel.it\/fr\/tour-des-santelles\/#primaryimage"},"image":{"@id":"https:\/\/villaeuropahotel.it\/fr\/tour-des-santelles\/#primaryimage"},"thumbnailUrl":"https:\/\/villaeuropahotel.it\/wp-content\/uploads\/2024\/04\/bl1200817051355.jpg","datePublished":"2024-04-21T16:04:25+00:00","dateModified":"2025-01-22T09:37:06+00:00","breadcrumb":{"@id":"https:\/\/villaeuropahotel.it\/fr\/tour-des-santelles\/#breadcrumb"},"inLanguage":"fr-FR","potentialAction":[{"@type":"ReadAction","target":["https:\/\/villaeuropahotel.it\/fr\/tour-des-santelles\/"]}]},{"@type":"ImageObject","inLanguage":"fr-FR","@id":"https:\/\/villaeuropahotel.it\/fr\/tour-des-santelles\/#primaryimage","url":"https:\/\/villaeuropahotel.it\/wp-content\/uploads\/2024\/04\/bl1200817051355.jpg","contentUrl":"https:\/\/villaeuropahotel.it\/wp-content\/uploads\/2024\/04\/bl1200817051355.jpg","width":1024,"height":683},{"@type":"BreadcrumbList","@id":"https:\/\/villaeuropahotel.it\/fr\/tour-des-santelles\/#breadcrumb","itemListElement":[{"@type":"ListItem","position":1,"name":"Home","item":"https:\/\/villaeuropahotel.it\/fr\/"},{"@type":"ListItem","position":2,"name":"Tour des santelles"}]},{"@type":"WebSite","@id":"https:\/\/villaeuropahotel.it\/#website","url":"https:\/\/villaeuropahotel.it\/","name":"Hotel Villa Europa","description":"Hotel Villa Europa Gargnano","publisher":{"@id":"https:\/\/villaeuropahotel.it\/#organization"},"potentialAction":[{"@type":"SearchAction","target":{"@type":"EntryPoint","urlTemplate":"https:\/\/villaeuropahotel.it\/?s={search_term_string}"},"query-input":{"@type":"PropertyValueSpecification","valueRequired":true,"valueName":"search_term_string"}}],"inLanguage":"fr-FR"},{"@type":"Organization","@id":"https:\/\/villaeuropahotel.it\/#organization","name":"Hotel Villa Europa Gargnano","url":"https:\/\/villaeuropahotel.it\/","logo":{"@type":"ImageObject","inLanguage":"fr-FR","@id":"https:\/\/villaeuropahotel.it\/#\/schema\/logo\/image\/","url":"https:\/\/villaeuropahotel.it\/wp-content\/uploads\/2017\/05\/logovillaeuropa.svg","contentUrl":"https:\/\/villaeuropahotel.it\/wp-content\/uploads\/2017\/05\/logovillaeuropa.svg","width":400,"height":99,"caption":"Hotel Villa Europa Gargnano"},"image":{"@id":"https:\/\/villaeuropahotel.it\/#\/schema\/logo\/image\/"},"sameAs":["https:\/\/www.facebook.com\/frassinehotels\/?fref=ts","https:\/\/www.instagram.com\/explore\/locations\/364848774\/hotel-villa-europa-resort-fondo-la-campagnola\/","https:\/\/www.youtube.com\/watch?v=Hx3xOh1_JSY"]},{"@type":"Person","@id":"https:\/\/villaeuropahotel.it\/#\/schema\/person\/a2ebb1fc6806b72ecfd8156fb62c9094","name":"frassine"}]}},"_links":{"self":[{"href":"https:\/\/villaeuropahotel.it\/fr\/wp-json\/wp\/v2\/posts\/7337","targetHints":{"allow":["GET"]}}],"collection":[{"href":"https:\/\/villaeuropahotel.it\/fr\/wp-json\/wp\/v2\/posts"}],"about":[{"href":"https:\/\/villaeuropahotel.it\/fr\/wp-json\/wp\/v2\/types\/post"}],"author":[{"embeddable":true,"href":"https:\/\/villaeuropahotel.it\/fr\/wp-json\/wp\/v2\/users\/4"}],"replies":[{"embeddable":true,"href":"https:\/\/villaeuropahotel.it\/fr\/wp-json\/wp\/v2\/comments?post=7337"}],"version-history":[{"count":2,"href":"https:\/\/villaeuropahotel.it\/fr\/wp-json\/wp\/v2\/posts\/7337\/revisions"}],"predecessor-version":[{"id":8270,"href":"https:\/\/villaeuropahotel.it\/fr\/wp-json\/wp\/v2\/posts\/7337\/revisions\/8270"}],"wp:featuredmedia":[{"embeddable":true,"href":"https:\/\/villaeuropahotel.it\/fr\/wp-json\/wp\/v2\/media\/6943"}],"wp:attachment":[{"href":"https:\/\/villaeuropahotel.it\/fr\/wp-json\/wp\/v2\/media?parent=7337"}],"wp:term":[{"taxonomy":"category","embeddable":true,"href":"https:\/\/villaeuropahotel.it\/fr\/wp-json\/wp\/v2\/categories?post=7337"},{"taxonomy":"post_tag","embeddable":true,"href":"https:\/\/villaeuropahotel.it\/fr\/wp-json\/wp\/v2\/tags?post=7337"}],"curies":[{"name":"wp","href":"https:\/\/api.w.org\/{rel}","templated":true}]}}