{"id":7375,"date":"2024-04-22T17:40:00","date_gmt":"2024-04-22T15:40:00","guid":{"rendered":"https:\/\/villaeuropahotel.it\/?p=7375"},"modified":"2025-01-22T10:33:51","modified_gmt":"2025-01-22T09:33:51","slug":"einsiedelei-von-san-valentino","status":"publish","type":"post","link":"https:\/\/villaeuropahotel.it\/de\/einsiedelei-von-san-valentino\/","title":{"rendered":"Einsiedelei von San Valentino"},"content":{"rendered":"<section class=\"l-section wpb_row height_auto\"><div class=\"l-section-h i-cf\"><div class=\"g-cols vc_row via_flex valign_top type_default stacking_default\"><div class=\"vc_col-sm-12 wpb_column vc_column_container\"><div class=\"vc_column-inner\"><div class=\"wpb_wrapper\"><div class=\"w-image align_center\"><div class=\"w-image-h\"><img decoding=\"async\" width=\"1024\" height=\"341\" src=\"https:\/\/villaeuropahotel.it\/wp-content\/uploads\/2024\/04\/san-valentino-1024x341.jpg\" class=\"attachment-large size-large\" alt=\"\" loading=\"lazy\" srcset=\"https:\/\/villaeuropahotel.it\/wp-content\/uploads\/2024\/04\/san-valentino-1024x341.jpg 1024w, https:\/\/villaeuropahotel.it\/wp-content\/uploads\/2024\/04\/san-valentino-300x100.jpg 300w, https:\/\/villaeuropahotel.it\/wp-content\/uploads\/2024\/04\/san-valentino-600x200.jpg 600w, https:\/\/villaeuropahotel.it\/wp-content\/uploads\/2024\/04\/san-valentino-768x256.jpg 768w, https:\/\/villaeuropahotel.it\/wp-content\/uploads\/2024\/04\/san-valentino.jpg 1200w\" sizes=\"auto, (max-width: 1024px) 100vw, 1024px\" \/><\/div><\/div><\/div><\/div><\/div><\/div><\/div><\/section><section class=\"l-section wpb_row us_custom_e1309d51 height_auto\"><div class=\"l-section-h i-cf\"><div class=\"g-cols vc_row via_flex valign_top type_default stacking_default\"><div class=\"vc_col-sm-12 wpb_column vc_column_container\"><div class=\"vc_column-inner\"><div class=\"wpb_wrapper\"><div class=\"w-separator size_medium\"><\/div><div class=\"wpb_text_column\"><div class=\"wpb_wrapper\"><p><strong>Einsiedelei von San Valentino<\/strong><\/p>\n<\/div><\/div><div class=\"w-separator size_custom\" style=\"height:10px\"><\/div><div class=\"wpb_text_column\"><div class=\"wpb_wrapper\"><p>Der Ausflug nach St. Valentin ist ein Pflichtziel f\u00fcr alle, die das Hinterland von Gargnano nicht nur oberfl\u00e4chlich kennenlernen m\u00f6chten. Die M\u00f6glichkeit, die zwischen den Felsen gelegene Einsiedelei zu erreichen, besteht traditionell darin, den Sasso zu besteigen (der Weiler kann von Gargnano aus zu Fu\u00df \u00fcber den Wegweiser N.30 erreicht werden, der am alten Campagnola-Geb\u00e4ude \u00fcber Via Crocefisso und dann \u00fcber Pis beginnt, oder direkt). mit dem Auto \u00fcber die Stra\u00dfe Montegargnano).<\/p>\n<\/div><\/div><div class=\"w-separator size_medium\"><\/div><div class=\"w-btn-wrapper align_none\"><a class=\"w-btn us-btn-style_1 icon_atleft\" href=\"https:\/\/villaeuropahotel.it\/de\/ausfluege\/\"><i class=\"fas fa-angle-double-left\"><\/i><span class=\"w-btn-label\">Reiserouten<\/span><\/a><\/div><div class=\"w-separator size_medium\"><\/div><\/div><\/div><\/div><\/div><\/div><\/section>\n","protected":false},"excerpt":{"rendered":"Einsiedelei von San Valentino Der Ausflug nach St. Valentin ist ein Pflichtziel f\u00fcr alle, die das Hinterland von Gargnano nicht nur oberfl\u00e4chlich kennenlernen m\u00f6chten. Die M\u00f6glichkeit, die zwischen den Felsen gelegene Einsiedelei zu erreichen, besteht traditionell darin, den Sasso zu besteigen (der Weiler kann von Gargnano aus zu Fu\u00df \u00fcber den Wegweiser N.30 erreicht werden,...","protected":false},"author":4,"featured_media":6964,"comment_status":"closed","ping_status":"closed","sticky":false,"template":"","format":"standard","meta":{"inline_featured_image":false,"footnotes":""},"categories":[51],"tags":[],"class_list":["post-7375","post","type-post","status-publish","format-standard","has-post-thumbnail","hentry","category-wanderungen"],"yoast_head":"<!-- This site is optimized with the Yoast SEO plugin v27.5 - https:\/\/yoast.com\/product\/yoast-seo-wordpress\/ -->\n<title>Einsiedelei von San Valentino - Hotel Villa Europa<\/title>\n<meta name=\"robots\" content=\"index, follow, max-snippet:-1, max-image-preview:large, max-video-preview:-1\" \/>\n<link rel=\"canonical\" href=\"https:\/\/villaeuropahotel.it\/de\/einsiedelei-von-san-valentino\/\" \/>\n<meta property=\"og:locale\" content=\"de_DE\" \/>\n<meta property=\"og:type\" content=\"article\" \/>\n<meta property=\"og:title\" content=\"Einsiedelei von San Valentino - Hotel Villa Europa\" \/>\n<meta property=\"og:url\" content=\"https:\/\/villaeuropahotel.it\/de\/einsiedelei-von-san-valentino\/\" \/>\n<meta property=\"og:site_name\" content=\"Hotel Villa Europa\" \/>\n<meta property=\"article:publisher\" content=\"https:\/\/www.facebook.com\/frassinehotels\/?fref=ts\" \/>\n<meta property=\"article:published_time\" content=\"2024-04-22T15:40:00+00:00\" \/>\n<meta property=\"article:modified_time\" content=\"2025-01-22T09:33:51+00:00\" \/>\n<meta property=\"og:image\" content=\"https:\/\/villaeuropahotel.it\/wp-content\/uploads\/2024\/04\/eremo-san-valentino-gite-in-lombardia-.jpg\" \/>\n\t<meta property=\"og:image:width\" content=\"600\" \/>\n\t<meta property=\"og:image:height\" content=\"400\" \/>\n\t<meta property=\"og:image:type\" content=\"image\/jpeg\" \/>\n<meta name=\"author\" content=\"frassine\" \/>\n<meta name=\"twitter:card\" content=\"summary_large_image\" \/>\n<meta name=\"twitter:label1\" content=\"Verfasst von\" \/>\n\t<meta name=\"twitter:data1\" content=\"frassine\" \/>\n\t<meta name=\"twitter:label2\" content=\"Gesch\u00e4tzte Lesezeit\" \/>\n\t<meta name=\"twitter:data2\" content=\"1\u00a0Minute\" \/>\n<script type=\"application\/ld+json\" class=\"yoast-schema-graph\">{\"@context\":\"https:\\\/\\\/schema.org\",\"@graph\":[{\"@type\":\"Article\",\"@id\":\"https:\\\/\\\/villaeuropahotel.it\\\/de\\\/einsiedelei-von-san-valentino\\\/#article\",\"isPartOf\":{\"@id\":\"https:\\\/\\\/villaeuropahotel.it\\\/de\\\/einsiedelei-von-san-valentino\\\/\"},\"author\":{\"name\":\"frassine\",\"@id\":\"https:\\\/\\\/villaeuropahotel.it\\\/#\\\/schema\\\/person\\\/a2ebb1fc6806b72ecfd8156fb62c9094\"},\"headline\":\"Einsiedelei von San Valentino\",\"datePublished\":\"2024-04-22T15:40:00+00:00\",\"dateModified\":\"2025-01-22T09:33:51+00:00\",\"mainEntityOfPage\":{\"@id\":\"https:\\\/\\\/villaeuropahotel.it\\\/de\\\/einsiedelei-von-san-valentino\\\/\"},\"wordCount\":182,\"publisher\":{\"@id\":\"https:\\\/\\\/villaeuropahotel.it\\\/#organization\"},\"image\":{\"@id\":\"https:\\\/\\\/villaeuropahotel.it\\\/de\\\/einsiedelei-von-san-valentino\\\/#primaryimage\"},\"thumbnailUrl\":\"https:\\\/\\\/villaeuropahotel.it\\\/wp-content\\\/uploads\\\/2024\\\/04\\\/eremo-san-valentino-gite-in-lombardia-.jpg\",\"articleSection\":[\"Wanderungen\"],\"inLanguage\":\"de\"},{\"@type\":\"WebPage\",\"@id\":\"https:\\\/\\\/villaeuropahotel.it\\\/de\\\/einsiedelei-von-san-valentino\\\/\",\"url\":\"https:\\\/\\\/villaeuropahotel.it\\\/de\\\/einsiedelei-von-san-valentino\\\/\",\"name\":\"Einsiedelei von San Valentino - Hotel Villa Europa\",\"isPartOf\":{\"@id\":\"https:\\\/\\\/villaeuropahotel.it\\\/#website\"},\"primaryImageOfPage\":{\"@id\":\"https:\\\/\\\/villaeuropahotel.it\\\/de\\\/einsiedelei-von-san-valentino\\\/#primaryimage\"},\"image\":{\"@id\":\"https:\\\/\\\/villaeuropahotel.it\\\/de\\\/einsiedelei-von-san-valentino\\\/#primaryimage\"},\"thumbnailUrl\":\"https:\\\/\\\/villaeuropahotel.it\\\/wp-content\\\/uploads\\\/2024\\\/04\\\/eremo-san-valentino-gite-in-lombardia-.jpg\",\"datePublished\":\"2024-04-22T15:40:00+00:00\",\"dateModified\":\"2025-01-22T09:33:51+00:00\",\"breadcrumb\":{\"@id\":\"https:\\\/\\\/villaeuropahotel.it\\\/de\\\/einsiedelei-von-san-valentino\\\/#breadcrumb\"},\"inLanguage\":\"de\",\"potentialAction\":[{\"@type\":\"ReadAction\",\"target\":[\"https:\\\/\\\/villaeuropahotel.it\\\/de\\\/einsiedelei-von-san-valentino\\\/\"]}]},{\"@type\":\"ImageObject\",\"inLanguage\":\"de\",\"@id\":\"https:\\\/\\\/villaeuropahotel.it\\\/de\\\/einsiedelei-von-san-valentino\\\/#primaryimage\",\"url\":\"https:\\\/\\\/villaeuropahotel.it\\\/wp-content\\\/uploads\\\/2024\\\/04\\\/eremo-san-valentino-gite-in-lombardia-.jpg\",\"contentUrl\":\"https:\\\/\\\/villaeuropahotel.it\\\/wp-content\\\/uploads\\\/2024\\\/04\\\/eremo-san-valentino-gite-in-lombardia-.jpg\",\"width\":600,\"height\":400},{\"@type\":\"BreadcrumbList\",\"@id\":\"https:\\\/\\\/villaeuropahotel.it\\\/de\\\/einsiedelei-von-san-valentino\\\/#breadcrumb\",\"itemListElement\":[{\"@type\":\"ListItem\",\"position\":1,\"name\":\"Home\",\"item\":\"https:\\\/\\\/villaeuropahotel.it\\\/de\\\/\"},{\"@type\":\"ListItem\",\"position\":2,\"name\":\"Einsiedelei von San Valentino\"}]},{\"@type\":\"WebSite\",\"@id\":\"https:\\\/\\\/villaeuropahotel.it\\\/#website\",\"url\":\"https:\\\/\\\/villaeuropahotel.it\\\/\",\"name\":\"Hotel Villa Europa\",\"description\":\"Hotel Villa Europa Gargnano\",\"publisher\":{\"@id\":\"https:\\\/\\\/villaeuropahotel.it\\\/#organization\"},\"potentialAction\":[{\"@type\":\"SearchAction\",\"target\":{\"@type\":\"EntryPoint\",\"urlTemplate\":\"https:\\\/\\\/villaeuropahotel.it\\\/?s={search_term_string}\"},\"query-input\":{\"@type\":\"PropertyValueSpecification\",\"valueRequired\":true,\"valueName\":\"search_term_string\"}}],\"inLanguage\":\"de\"},{\"@type\":\"Organization\",\"@id\":\"https:\\\/\\\/villaeuropahotel.it\\\/#organization\",\"name\":\"Hotel Villa Europa Gargnano\",\"url\":\"https:\\\/\\\/villaeuropahotel.it\\\/\",\"logo\":{\"@type\":\"ImageObject\",\"inLanguage\":\"de\",\"@id\":\"https:\\\/\\\/villaeuropahotel.it\\\/#\\\/schema\\\/logo\\\/image\\\/\",\"url\":\"https:\\\/\\\/villaeuropahotel.it\\\/wp-content\\\/uploads\\\/2017\\\/05\\\/logovillaeuropa.svg\",\"contentUrl\":\"https:\\\/\\\/villaeuropahotel.it\\\/wp-content\\\/uploads\\\/2017\\\/05\\\/logovillaeuropa.svg\",\"width\":400,\"height\":99,\"caption\":\"Hotel Villa Europa Gargnano\"},\"image\":{\"@id\":\"https:\\\/\\\/villaeuropahotel.it\\\/#\\\/schema\\\/logo\\\/image\\\/\"},\"sameAs\":[\"https:\\\/\\\/www.facebook.com\\\/frassinehotels\\\/?fref=ts\",\"https:\\\/\\\/www.instagram.com\\\/explore\\\/locations\\\/364848774\\\/hotel-villa-europa-resort-fondo-la-campagnola\\\/\",\"https:\\\/\\\/www.youtube.com\\\/watch?v=Hx3xOh1_JSY\"]},{\"@type\":\"Person\",\"@id\":\"https:\\\/\\\/villaeuropahotel.it\\\/#\\\/schema\\\/person\\\/a2ebb1fc6806b72ecfd8156fb62c9094\",\"name\":\"frassine\"}]}<\/script>\n<!-- \/ Yoast SEO plugin. -->","yoast_head_json":{"title":"Einsiedelei von San Valentino - Hotel Villa Europa","robots":{"index":"index","follow":"follow","max-snippet":"max-snippet:-1","max-image-preview":"max-image-preview:large","max-video-preview":"max-video-preview:-1"},"canonical":"https:\/\/villaeuropahotel.it\/de\/einsiedelei-von-san-valentino\/","og_locale":"de_DE","og_type":"article","og_title":"Einsiedelei von San Valentino - Hotel Villa Europa","og_url":"https:\/\/villaeuropahotel.it\/de\/einsiedelei-von-san-valentino\/","og_site_name":"Hotel Villa Europa","article_publisher":"https:\/\/www.facebook.com\/frassinehotels\/?fref=ts","article_published_time":"2024-04-22T15:40:00+00:00","article_modified_time":"2025-01-22T09:33:51+00:00","og_image":[{"width":600,"height":400,"url":"https:\/\/villaeuropahotel.it\/wp-content\/uploads\/2024\/04\/eremo-san-valentino-gite-in-lombardia-.jpg","type":"image\/jpeg"}],"author":"frassine","twitter_card":"summary_large_image","twitter_misc":{"Verfasst von":"frassine","Gesch\u00e4tzte Lesezeit":"1\u00a0Minute"},"schema":{"@context":"https:\/\/schema.org","@graph":[{"@type":"Article","@id":"https:\/\/villaeuropahotel.it\/de\/einsiedelei-von-san-valentino\/#article","isPartOf":{"@id":"https:\/\/villaeuropahotel.it\/de\/einsiedelei-von-san-valentino\/"},"author":{"name":"frassine","@id":"https:\/\/villaeuropahotel.it\/#\/schema\/person\/a2ebb1fc6806b72ecfd8156fb62c9094"},"headline":"Einsiedelei von San Valentino","datePublished":"2024-04-22T15:40:00+00:00","dateModified":"2025-01-22T09:33:51+00:00","mainEntityOfPage":{"@id":"https:\/\/villaeuropahotel.it\/de\/einsiedelei-von-san-valentino\/"},"wordCount":182,"publisher":{"@id":"https:\/\/villaeuropahotel.it\/#organization"},"image":{"@id":"https:\/\/villaeuropahotel.it\/de\/einsiedelei-von-san-valentino\/#primaryimage"},"thumbnailUrl":"https:\/\/villaeuropahotel.it\/wp-content\/uploads\/2024\/04\/eremo-san-valentino-gite-in-lombardia-.jpg","articleSection":["Wanderungen"],"inLanguage":"de"},{"@type":"WebPage","@id":"https:\/\/villaeuropahotel.it\/de\/einsiedelei-von-san-valentino\/","url":"https:\/\/villaeuropahotel.it\/de\/einsiedelei-von-san-valentino\/","name":"Einsiedelei von San Valentino - Hotel Villa Europa","isPartOf":{"@id":"https:\/\/villaeuropahotel.it\/#website"},"primaryImageOfPage":{"@id":"https:\/\/villaeuropahotel.it\/de\/einsiedelei-von-san-valentino\/#primaryimage"},"image":{"@id":"https:\/\/villaeuropahotel.it\/de\/einsiedelei-von-san-valentino\/#primaryimage"},"thumbnailUrl":"https:\/\/villaeuropahotel.it\/wp-content\/uploads\/2024\/04\/eremo-san-valentino-gite-in-lombardia-.jpg","datePublished":"2024-04-22T15:40:00+00:00","dateModified":"2025-01-22T09:33:51+00:00","breadcrumb":{"@id":"https:\/\/villaeuropahotel.it\/de\/einsiedelei-von-san-valentino\/#breadcrumb"},"inLanguage":"de","potentialAction":[{"@type":"ReadAction","target":["https:\/\/villaeuropahotel.it\/de\/einsiedelei-von-san-valentino\/"]}]},{"@type":"ImageObject","inLanguage":"de","@id":"https:\/\/villaeuropahotel.it\/de\/einsiedelei-von-san-valentino\/#primaryimage","url":"https:\/\/villaeuropahotel.it\/wp-content\/uploads\/2024\/04\/eremo-san-valentino-gite-in-lombardia-.jpg","contentUrl":"https:\/\/villaeuropahotel.it\/wp-content\/uploads\/2024\/04\/eremo-san-valentino-gite-in-lombardia-.jpg","width":600,"height":400},{"@type":"BreadcrumbList","@id":"https:\/\/villaeuropahotel.it\/de\/einsiedelei-von-san-valentino\/#breadcrumb","itemListElement":[{"@type":"ListItem","position":1,"name":"Home","item":"https:\/\/villaeuropahotel.it\/de\/"},{"@type":"ListItem","position":2,"name":"Einsiedelei von San Valentino"}]},{"@type":"WebSite","@id":"https:\/\/villaeuropahotel.it\/#website","url":"https:\/\/villaeuropahotel.it\/","name":"Hotel Villa Europa","description":"Hotel Villa Europa Gargnano","publisher":{"@id":"https:\/\/villaeuropahotel.it\/#organization"},"potentialAction":[{"@type":"SearchAction","target":{"@type":"EntryPoint","urlTemplate":"https:\/\/villaeuropahotel.it\/?s={search_term_string}"},"query-input":{"@type":"PropertyValueSpecification","valueRequired":true,"valueName":"search_term_string"}}],"inLanguage":"de"},{"@type":"Organization","@id":"https:\/\/villaeuropahotel.it\/#organization","name":"Hotel Villa Europa Gargnano","url":"https:\/\/villaeuropahotel.it\/","logo":{"@type":"ImageObject","inLanguage":"de","@id":"https:\/\/villaeuropahotel.it\/#\/schema\/logo\/image\/","url":"https:\/\/villaeuropahotel.it\/wp-content\/uploads\/2017\/05\/logovillaeuropa.svg","contentUrl":"https:\/\/villaeuropahotel.it\/wp-content\/uploads\/2017\/05\/logovillaeuropa.svg","width":400,"height":99,"caption":"Hotel Villa Europa Gargnano"},"image":{"@id":"https:\/\/villaeuropahotel.it\/#\/schema\/logo\/image\/"},"sameAs":["https:\/\/www.facebook.com\/frassinehotels\/?fref=ts","https:\/\/www.instagram.com\/explore\/locations\/364848774\/hotel-villa-europa-resort-fondo-la-campagnola\/","https:\/\/www.youtube.com\/watch?v=Hx3xOh1_JSY"]},{"@type":"Person","@id":"https:\/\/villaeuropahotel.it\/#\/schema\/person\/a2ebb1fc6806b72ecfd8156fb62c9094","name":"frassine"}]}},"_links":{"self":[{"href":"https:\/\/villaeuropahotel.it\/de\/wp-json\/wp\/v2\/posts\/7375","targetHints":{"allow":["GET"]}}],"collection":[{"href":"https:\/\/villaeuropahotel.it\/de\/wp-json\/wp\/v2\/posts"}],"about":[{"href":"https:\/\/villaeuropahotel.it\/de\/wp-json\/wp\/v2\/types\/post"}],"author":[{"embeddable":true,"href":"https:\/\/villaeuropahotel.it\/de\/wp-json\/wp\/v2\/users\/4"}],"replies":[{"embeddable":true,"href":"https:\/\/villaeuropahotel.it\/de\/wp-json\/wp\/v2\/comments?post=7375"}],"version-history":[{"count":2,"href":"https:\/\/villaeuropahotel.it\/de\/wp-json\/wp\/v2\/posts\/7375\/revisions"}],"predecessor-version":[{"id":8264,"href":"https:\/\/villaeuropahotel.it\/de\/wp-json\/wp\/v2\/posts\/7375\/revisions\/8264"}],"wp:featuredmedia":[{"embeddable":true,"href":"https:\/\/villaeuropahotel.it\/de\/wp-json\/wp\/v2\/media\/6964"}],"wp:attachment":[{"href":"https:\/\/villaeuropahotel.it\/de\/wp-json\/wp\/v2\/media?parent=7375"}],"wp:term":[{"taxonomy":"category","embeddable":true,"href":"https:\/\/villaeuropahotel.it\/de\/wp-json\/wp\/v2\/categories?post=7375"},{"taxonomy":"post_tag","embeddable":true,"href":"https:\/\/villaeuropahotel.it\/de\/wp-json\/wp\/v2\/tags?post=7375"}],"curies":[{"name":"wp","href":"https:\/\/api.w.org\/{rel}","templated":true}]}}