{"id":7351,"date":"2024-04-22T17:00:56","date_gmt":"2024-04-22T15:00:56","guid":{"rendered":"https:\/\/villaeuropahotel.it\/?p=7351"},"modified":"2025-01-22T10:12:06","modified_gmt":"2025-01-22T09:12:06","slug":"route-3-die-toskana-des-sees","status":"publish","type":"post","link":"https:\/\/villaeuropahotel.it\/de\/route-3-die-toskana-des-sees\/","title":{"rendered":"Route 3 \u2013 Die Toskana des Sees"},"content":{"rendered":"<section class=\"l-section wpb_row height_auto\"><div class=\"l-section-h i-cf\"><div class=\"g-cols vc_row via_flex valign_top type_default stacking_default\"><div class=\"vc_col-sm-12 wpb_column vc_column_container\"><div class=\"vc_column-inner\"><div class=\"wpb_wrapper\"><div class=\"w-image align_center\"><div class=\"w-image-h\"><img decoding=\"async\" width=\"1024\" height=\"341\" src=\"https:\/\/villaeuropahotel.it\/wp-content\/uploads\/2024\/03\/it-3-1024x341.jpg\" class=\"attachment-large size-large\" alt=\"\" loading=\"lazy\" srcset=\"https:\/\/villaeuropahotel.it\/wp-content\/uploads\/2024\/03\/it-3-1024x341.jpg 1024w, https:\/\/villaeuropahotel.it\/wp-content\/uploads\/2024\/03\/it-3-300x100.jpg 300w, https:\/\/villaeuropahotel.it\/wp-content\/uploads\/2024\/03\/it-3-600x200.jpg 600w, https:\/\/villaeuropahotel.it\/wp-content\/uploads\/2024\/03\/it-3-768x256.jpg 768w, https:\/\/villaeuropahotel.it\/wp-content\/uploads\/2024\/03\/it-3.jpg 1200w\" sizes=\"auto, (max-width: 1024px) 100vw, 1024px\" \/><\/div><\/div><\/div><\/div><\/div><\/div><\/div><\/section><section class=\"l-section wpb_row us_custom_e1309d51 height_auto\"><div class=\"l-section-h i-cf\"><div class=\"g-cols vc_row via_flex valign_top type_default stacking_default\"><div class=\"vc_col-sm-12 wpb_column vc_column_container\"><div class=\"vc_column-inner\"><div class=\"wpb_wrapper\"><div class=\"w-separator size_medium\"><\/div><div class=\"wpb_text_column\"><div class=\"wpb_wrapper\"><p><strong>Route 3 \u2013 Die Toskana des Sees<\/strong><\/p>\n<\/div><\/div><div class=\"w-separator size_custom\" style=\"height:10px\"><\/div><div class=\"wpb_text_column\"><div class=\"wpb_wrapper\"><p>Das Hinterland zwischen Gargnano und Toscolano bietet eine h\u00fcgelige Landschaft mit antiken D\u00f6rfern, Kirchen, Landh\u00e4usern, von Zypressen umgebenen H\u00fcgeln und ausgedehnten, von Lorbeerhecken ges\u00e4umten Olivenhainen, Elemente, die zuweilen an die toskanische Landschaft erinnern. Eine angenehme Atmosph\u00e4re&#8230; die in unserem Fall durch eine besondere Note bereichert wird: die au\u00dfergew\u00f6hnliche Aussicht auf den Gardasee.<\/p>\n<\/div><\/div><div class=\"w-separator size_medium\"><\/div><div class=\"w-btn-wrapper align_none\"><a class=\"w-btn us-btn-style_1 icon_atleft\" href=\"https:\/\/villaeuropahotel.it\/de\/ausfluege\/\"><i class=\"fas fa-angle-double-left\"><\/i><span class=\"w-btn-label\">Reiserouten<\/span><\/a><\/div><div class=\"w-separator size_medium\"><\/div><\/div><\/div><\/div><\/div><\/div><\/section>\n","protected":false},"excerpt":{"rendered":"Route 3 \u2013 Die Toskana des Sees Das Hinterland zwischen Gargnano und Toscolano bietet eine h\u00fcgelige Landschaft mit antiken D\u00f6rfern, Kirchen, Landh\u00e4usern, von Zypressen umgebenen H\u00fcgeln und ausgedehnten, von Lorbeerhecken ges\u00e4umten Olivenhainen, Elemente, die zuweilen an die toskanische Landschaft erinnern. Eine angenehme Atmosph\u00e4re&#8230; die in unserem Fall durch eine besondere Note bereichert wird: die au\u00dfergew\u00f6hnliche...","protected":false},"author":4,"featured_media":6887,"comment_status":"closed","ping_status":"closed","sticky":false,"template":"","format":"standard","meta":{"inline_featured_image":false,"footnotes":""},"categories":[51],"tags":[],"class_list":["post-7351","post","type-post","status-publish","format-standard","has-post-thumbnail","hentry","category-wanderungen"],"yoast_head":"<!-- This site is optimized with the Yoast SEO plugin v27.5 - https:\/\/yoast.com\/product\/yoast-seo-wordpress\/ -->\n<title>Route 3 \u2013 Die Toskana des Sees - Hotel Villa Europa<\/title>\n<meta name=\"robots\" content=\"index, follow, max-snippet:-1, max-image-preview:large, max-video-preview:-1\" \/>\n<link rel=\"canonical\" href=\"https:\/\/villaeuropahotel.it\/de\/route-3-die-toskana-des-sees\/\" \/>\n<meta property=\"og:locale\" content=\"de_DE\" \/>\n<meta property=\"og:type\" content=\"article\" \/>\n<meta property=\"og:title\" content=\"Route 3 \u2013 Die Toskana des Sees - Hotel Villa Europa\" \/>\n<meta property=\"og:url\" content=\"https:\/\/villaeuropahotel.it\/de\/route-3-die-toskana-des-sees\/\" \/>\n<meta property=\"og:site_name\" content=\"Hotel Villa Europa\" \/>\n<meta property=\"article:publisher\" content=\"https:\/\/www.facebook.com\/frassinehotels\/?fref=ts\" \/>\n<meta property=\"article:published_time\" content=\"2024-04-22T15:00:56+00:00\" \/>\n<meta property=\"article:modified_time\" content=\"2025-01-22T09:12:06+00:00\" \/>\n<meta property=\"og:image\" content=\"https:\/\/villaeuropahotel.it\/wp-content\/uploads\/2024\/03\/bl1200817051143.jpg\" \/>\n\t<meta property=\"og:image:width\" content=\"1240\" \/>\n\t<meta property=\"og:image:height\" content=\"895\" \/>\n\t<meta property=\"og:image:type\" content=\"image\/jpeg\" \/>\n<meta name=\"author\" content=\"frassine\" \/>\n<meta name=\"twitter:card\" content=\"summary_large_image\" \/>\n<meta name=\"twitter:label1\" content=\"Verfasst von\" \/>\n\t<meta name=\"twitter:data1\" content=\"frassine\" \/>\n\t<meta name=\"twitter:label2\" content=\"Gesch\u00e4tzte Lesezeit\" \/>\n\t<meta name=\"twitter:data2\" content=\"2\u00a0Minuten\" \/>\n<script type=\"application\/ld+json\" class=\"yoast-schema-graph\">{\"@context\":\"https:\\\/\\\/schema.org\",\"@graph\":[{\"@type\":\"Article\",\"@id\":\"https:\\\/\\\/villaeuropahotel.it\\\/de\\\/route-3-die-toskana-des-sees\\\/#article\",\"isPartOf\":{\"@id\":\"https:\\\/\\\/villaeuropahotel.it\\\/de\\\/route-3-die-toskana-des-sees\\\/\"},\"author\":{\"name\":\"frassine\",\"@id\":\"https:\\\/\\\/villaeuropahotel.it\\\/#\\\/schema\\\/person\\\/a2ebb1fc6806b72ecfd8156fb62c9094\"},\"headline\":\"Route 3 \u2013 Die Toskana des Sees\",\"datePublished\":\"2024-04-22T15:00:56+00:00\",\"dateModified\":\"2025-01-22T09:12:06+00:00\",\"mainEntityOfPage\":{\"@id\":\"https:\\\/\\\/villaeuropahotel.it\\\/de\\\/route-3-die-toskana-des-sees\\\/\"},\"wordCount\":387,\"publisher\":{\"@id\":\"https:\\\/\\\/villaeuropahotel.it\\\/#organization\"},\"image\":{\"@id\":\"https:\\\/\\\/villaeuropahotel.it\\\/de\\\/route-3-die-toskana-des-sees\\\/#primaryimage\"},\"thumbnailUrl\":\"https:\\\/\\\/villaeuropahotel.it\\\/wp-content\\\/uploads\\\/2024\\\/03\\\/bl1200817051143.jpg\",\"articleSection\":[\"Wanderungen\"],\"inLanguage\":\"de\"},{\"@type\":\"WebPage\",\"@id\":\"https:\\\/\\\/villaeuropahotel.it\\\/de\\\/route-3-die-toskana-des-sees\\\/\",\"url\":\"https:\\\/\\\/villaeuropahotel.it\\\/de\\\/route-3-die-toskana-des-sees\\\/\",\"name\":\"Route 3 \u2013 Die Toskana des Sees - Hotel Villa Europa\",\"isPartOf\":{\"@id\":\"https:\\\/\\\/villaeuropahotel.it\\\/#website\"},\"primaryImageOfPage\":{\"@id\":\"https:\\\/\\\/villaeuropahotel.it\\\/de\\\/route-3-die-toskana-des-sees\\\/#primaryimage\"},\"image\":{\"@id\":\"https:\\\/\\\/villaeuropahotel.it\\\/de\\\/route-3-die-toskana-des-sees\\\/#primaryimage\"},\"thumbnailUrl\":\"https:\\\/\\\/villaeuropahotel.it\\\/wp-content\\\/uploads\\\/2024\\\/03\\\/bl1200817051143.jpg\",\"datePublished\":\"2024-04-22T15:00:56+00:00\",\"dateModified\":\"2025-01-22T09:12:06+00:00\",\"breadcrumb\":{\"@id\":\"https:\\\/\\\/villaeuropahotel.it\\\/de\\\/route-3-die-toskana-des-sees\\\/#breadcrumb\"},\"inLanguage\":\"de\",\"potentialAction\":[{\"@type\":\"ReadAction\",\"target\":[\"https:\\\/\\\/villaeuropahotel.it\\\/de\\\/route-3-die-toskana-des-sees\\\/\"]}]},{\"@type\":\"ImageObject\",\"inLanguage\":\"de\",\"@id\":\"https:\\\/\\\/villaeuropahotel.it\\\/de\\\/route-3-die-toskana-des-sees\\\/#primaryimage\",\"url\":\"https:\\\/\\\/villaeuropahotel.it\\\/wp-content\\\/uploads\\\/2024\\\/03\\\/bl1200817051143.jpg\",\"contentUrl\":\"https:\\\/\\\/villaeuropahotel.it\\\/wp-content\\\/uploads\\\/2024\\\/03\\\/bl1200817051143.jpg\",\"width\":1240,\"height\":895},{\"@type\":\"BreadcrumbList\",\"@id\":\"https:\\\/\\\/villaeuropahotel.it\\\/de\\\/route-3-die-toskana-des-sees\\\/#breadcrumb\",\"itemListElement\":[{\"@type\":\"ListItem\",\"position\":1,\"name\":\"Home\",\"item\":\"https:\\\/\\\/villaeuropahotel.it\\\/de\\\/\"},{\"@type\":\"ListItem\",\"position\":2,\"name\":\"Route 3 \u2013 Die Toskana des Sees\"}]},{\"@type\":\"WebSite\",\"@id\":\"https:\\\/\\\/villaeuropahotel.it\\\/#website\",\"url\":\"https:\\\/\\\/villaeuropahotel.it\\\/\",\"name\":\"Hotel Villa Europa\",\"description\":\"Hotel Villa Europa Gargnano\",\"publisher\":{\"@id\":\"https:\\\/\\\/villaeuropahotel.it\\\/#organization\"},\"potentialAction\":[{\"@type\":\"SearchAction\",\"target\":{\"@type\":\"EntryPoint\",\"urlTemplate\":\"https:\\\/\\\/villaeuropahotel.it\\\/?s={search_term_string}\"},\"query-input\":{\"@type\":\"PropertyValueSpecification\",\"valueRequired\":true,\"valueName\":\"search_term_string\"}}],\"inLanguage\":\"de\"},{\"@type\":\"Organization\",\"@id\":\"https:\\\/\\\/villaeuropahotel.it\\\/#organization\",\"name\":\"Hotel Villa Europa Gargnano\",\"url\":\"https:\\\/\\\/villaeuropahotel.it\\\/\",\"logo\":{\"@type\":\"ImageObject\",\"inLanguage\":\"de\",\"@id\":\"https:\\\/\\\/villaeuropahotel.it\\\/#\\\/schema\\\/logo\\\/image\\\/\",\"url\":\"https:\\\/\\\/villaeuropahotel.it\\\/wp-content\\\/uploads\\\/2017\\\/05\\\/logovillaeuropa.svg\",\"contentUrl\":\"https:\\\/\\\/villaeuropahotel.it\\\/wp-content\\\/uploads\\\/2017\\\/05\\\/logovillaeuropa.svg\",\"width\":400,\"height\":99,\"caption\":\"Hotel Villa Europa Gargnano\"},\"image\":{\"@id\":\"https:\\\/\\\/villaeuropahotel.it\\\/#\\\/schema\\\/logo\\\/image\\\/\"},\"sameAs\":[\"https:\\\/\\\/www.facebook.com\\\/frassinehotels\\\/?fref=ts\",\"https:\\\/\\\/www.instagram.com\\\/explore\\\/locations\\\/364848774\\\/hotel-villa-europa-resort-fondo-la-campagnola\\\/\",\"https:\\\/\\\/www.youtube.com\\\/watch?v=Hx3xOh1_JSY\"]},{\"@type\":\"Person\",\"@id\":\"https:\\\/\\\/villaeuropahotel.it\\\/#\\\/schema\\\/person\\\/a2ebb1fc6806b72ecfd8156fb62c9094\",\"name\":\"frassine\"}]}<\/script>\n<!-- \/ Yoast SEO plugin. -->","yoast_head_json":{"title":"Route 3 \u2013 Die Toskana des Sees - Hotel Villa Europa","robots":{"index":"index","follow":"follow","max-snippet":"max-snippet:-1","max-image-preview":"max-image-preview:large","max-video-preview":"max-video-preview:-1"},"canonical":"https:\/\/villaeuropahotel.it\/de\/route-3-die-toskana-des-sees\/","og_locale":"de_DE","og_type":"article","og_title":"Route 3 \u2013 Die Toskana des Sees - Hotel Villa Europa","og_url":"https:\/\/villaeuropahotel.it\/de\/route-3-die-toskana-des-sees\/","og_site_name":"Hotel Villa Europa","article_publisher":"https:\/\/www.facebook.com\/frassinehotels\/?fref=ts","article_published_time":"2024-04-22T15:00:56+00:00","article_modified_time":"2025-01-22T09:12:06+00:00","og_image":[{"width":1240,"height":895,"url":"https:\/\/villaeuropahotel.it\/wp-content\/uploads\/2024\/03\/bl1200817051143.jpg","type":"image\/jpeg"}],"author":"frassine","twitter_card":"summary_large_image","twitter_misc":{"Verfasst von":"frassine","Gesch\u00e4tzte Lesezeit":"2\u00a0Minuten"},"schema":{"@context":"https:\/\/schema.org","@graph":[{"@type":"Article","@id":"https:\/\/villaeuropahotel.it\/de\/route-3-die-toskana-des-sees\/#article","isPartOf":{"@id":"https:\/\/villaeuropahotel.it\/de\/route-3-die-toskana-des-sees\/"},"author":{"name":"frassine","@id":"https:\/\/villaeuropahotel.it\/#\/schema\/person\/a2ebb1fc6806b72ecfd8156fb62c9094"},"headline":"Route 3 \u2013 Die Toskana des Sees","datePublished":"2024-04-22T15:00:56+00:00","dateModified":"2025-01-22T09:12:06+00:00","mainEntityOfPage":{"@id":"https:\/\/villaeuropahotel.it\/de\/route-3-die-toskana-des-sees\/"},"wordCount":387,"publisher":{"@id":"https:\/\/villaeuropahotel.it\/#organization"},"image":{"@id":"https:\/\/villaeuropahotel.it\/de\/route-3-die-toskana-des-sees\/#primaryimage"},"thumbnailUrl":"https:\/\/villaeuropahotel.it\/wp-content\/uploads\/2024\/03\/bl1200817051143.jpg","articleSection":["Wanderungen"],"inLanguage":"de"},{"@type":"WebPage","@id":"https:\/\/villaeuropahotel.it\/de\/route-3-die-toskana-des-sees\/","url":"https:\/\/villaeuropahotel.it\/de\/route-3-die-toskana-des-sees\/","name":"Route 3 \u2013 Die Toskana des Sees - Hotel Villa Europa","isPartOf":{"@id":"https:\/\/villaeuropahotel.it\/#website"},"primaryImageOfPage":{"@id":"https:\/\/villaeuropahotel.it\/de\/route-3-die-toskana-des-sees\/#primaryimage"},"image":{"@id":"https:\/\/villaeuropahotel.it\/de\/route-3-die-toskana-des-sees\/#primaryimage"},"thumbnailUrl":"https:\/\/villaeuropahotel.it\/wp-content\/uploads\/2024\/03\/bl1200817051143.jpg","datePublished":"2024-04-22T15:00:56+00:00","dateModified":"2025-01-22T09:12:06+00:00","breadcrumb":{"@id":"https:\/\/villaeuropahotel.it\/de\/route-3-die-toskana-des-sees\/#breadcrumb"},"inLanguage":"de","potentialAction":[{"@type":"ReadAction","target":["https:\/\/villaeuropahotel.it\/de\/route-3-die-toskana-des-sees\/"]}]},{"@type":"ImageObject","inLanguage":"de","@id":"https:\/\/villaeuropahotel.it\/de\/route-3-die-toskana-des-sees\/#primaryimage","url":"https:\/\/villaeuropahotel.it\/wp-content\/uploads\/2024\/03\/bl1200817051143.jpg","contentUrl":"https:\/\/villaeuropahotel.it\/wp-content\/uploads\/2024\/03\/bl1200817051143.jpg","width":1240,"height":895},{"@type":"BreadcrumbList","@id":"https:\/\/villaeuropahotel.it\/de\/route-3-die-toskana-des-sees\/#breadcrumb","itemListElement":[{"@type":"ListItem","position":1,"name":"Home","item":"https:\/\/villaeuropahotel.it\/de\/"},{"@type":"ListItem","position":2,"name":"Route 3 \u2013 Die Toskana des Sees"}]},{"@type":"WebSite","@id":"https:\/\/villaeuropahotel.it\/#website","url":"https:\/\/villaeuropahotel.it\/","name":"Hotel Villa Europa","description":"Hotel Villa Europa Gargnano","publisher":{"@id":"https:\/\/villaeuropahotel.it\/#organization"},"potentialAction":[{"@type":"SearchAction","target":{"@type":"EntryPoint","urlTemplate":"https:\/\/villaeuropahotel.it\/?s={search_term_string}"},"query-input":{"@type":"PropertyValueSpecification","valueRequired":true,"valueName":"search_term_string"}}],"inLanguage":"de"},{"@type":"Organization","@id":"https:\/\/villaeuropahotel.it\/#organization","name":"Hotel Villa Europa Gargnano","url":"https:\/\/villaeuropahotel.it\/","logo":{"@type":"ImageObject","inLanguage":"de","@id":"https:\/\/villaeuropahotel.it\/#\/schema\/logo\/image\/","url":"https:\/\/villaeuropahotel.it\/wp-content\/uploads\/2017\/05\/logovillaeuropa.svg","contentUrl":"https:\/\/villaeuropahotel.it\/wp-content\/uploads\/2017\/05\/logovillaeuropa.svg","width":400,"height":99,"caption":"Hotel Villa Europa Gargnano"},"image":{"@id":"https:\/\/villaeuropahotel.it\/#\/schema\/logo\/image\/"},"sameAs":["https:\/\/www.facebook.com\/frassinehotels\/?fref=ts","https:\/\/www.instagram.com\/explore\/locations\/364848774\/hotel-villa-europa-resort-fondo-la-campagnola\/","https:\/\/www.youtube.com\/watch?v=Hx3xOh1_JSY"]},{"@type":"Person","@id":"https:\/\/villaeuropahotel.it\/#\/schema\/person\/a2ebb1fc6806b72ecfd8156fb62c9094","name":"frassine"}]}},"_links":{"self":[{"href":"https:\/\/villaeuropahotel.it\/de\/wp-json\/wp\/v2\/posts\/7351","targetHints":{"allow":["GET"]}}],"collection":[{"href":"https:\/\/villaeuropahotel.it\/de\/wp-json\/wp\/v2\/posts"}],"about":[{"href":"https:\/\/villaeuropahotel.it\/de\/wp-json\/wp\/v2\/types\/post"}],"author":[{"embeddable":true,"href":"https:\/\/villaeuropahotel.it\/de\/wp-json\/wp\/v2\/users\/4"}],"replies":[{"embeddable":true,"href":"https:\/\/villaeuropahotel.it\/de\/wp-json\/wp\/v2\/comments?post=7351"}],"version-history":[{"count":2,"href":"https:\/\/villaeuropahotel.it\/de\/wp-json\/wp\/v2\/posts\/7351\/revisions"}],"predecessor-version":[{"id":8233,"href":"https:\/\/villaeuropahotel.it\/de\/wp-json\/wp\/v2\/posts\/7351\/revisions\/8233"}],"wp:featuredmedia":[{"embeddable":true,"href":"https:\/\/villaeuropahotel.it\/de\/wp-json\/wp\/v2\/media\/6887"}],"wp:attachment":[{"href":"https:\/\/villaeuropahotel.it\/de\/wp-json\/wp\/v2\/media?parent=7351"}],"wp:term":[{"taxonomy":"category","embeddable":true,"href":"https:\/\/villaeuropahotel.it\/de\/wp-json\/wp\/v2\/categories?post=7351"},{"taxonomy":"post_tag","embeddable":true,"href":"https:\/\/villaeuropahotel.it\/de\/wp-json\/wp\/v2\/tags?post=7351"}],"curies":[{"name":"wp","href":"https:\/\/api.w.org\/{rel}","templated":true}]}}